{"id":24192,"date":"2022-03-24T19:33:45","date_gmt":"2022-03-24T19:33:45","guid":{"rendered":"https:\/\/www.somatechnology.com\/spanish\/?p=24192"},"modified":"2024-02-14T12:37:57","modified_gmt":"2024-02-14T17:37:57","slug":"el-significado-del-dia-mundial-de-la-tuberculosis","status":"publish","type":"post","link":"https:\/\/www.somatechnology.com\/spanish\/2022\/03\/24\/el-significado-del-dia-mundial-de-la-tuberculosis\/","title":{"rendered":"El Significado Del D\u00eda Mundial De La Tuberculosis"},"content":{"rendered":"<p><img decoding=\"async\" class=\"alignnone wp-image-24206\" src=\"https:\/\/www.somatechnology.com\/wp-content\/uploads\/sites\/2\/2022\/03\/El-Significado-Del-Dia-Mundial-De-La-Tuberculosis-tw-espanol.jpg\" alt=\" El Significado Del Dia Mundial De La Tuberculosis \" width=\"500\" height=\"268\" title=\"\" srcset=\"https:\/\/www.somatechnology.com\/spanish\/wp-content\/uploads\/sites\/2\/2022\/03\/El-Significado-Del-Dia-Mundial-De-La-Tuberculosis-tw-espanol.jpg 1200w, https:\/\/www.somatechnology.com\/spanish\/wp-content\/uploads\/sites\/2\/2022\/03\/El-Significado-Del-Dia-Mundial-De-La-Tuberculosis-tw-espanol-300x161.jpg 300w, https:\/\/www.somatechnology.com\/spanish\/wp-content\/uploads\/sites\/2\/2022\/03\/El-Significado-Del-Dia-Mundial-De-La-Tuberculosis-tw-espanol-768x412.jpg 768w, https:\/\/www.somatechnology.com\/spanish\/wp-content\/uploads\/sites\/2\/2022\/03\/El-Significado-Del-Dia-Mundial-De-La-Tuberculosis-tw-espanol-1024x549.jpg 1024w\" sizes=\"(max-width: 500px) 100vw, 500px\" \/><\/p>\n<ol>\n<li>Breve Historia De La Tuberculosis<\/li>\n<li>\u00bfQu\u00e9 Es La Tuberculosis?<\/li>\n<li>\u00bfQu\u00e9 Ocurre Si Se Contrae La Tuberculosis?<\/li>\n<li>\u00bfSe Puede Curar La Tuberculosis?<\/li>\n<li>El Significado Del D\u00eda Mundial De La Tuberculosis<\/li>\n<li>\u00bfCu\u00e1l Es El Tema Del D\u00eda Mundial De La Tuberculosis 2022?<\/li>\n<li>Pensamiento Final<\/li>\n<\/ol>\n<p>&nbsp;<\/p>\n<p>Cada a\u00f1o, el 24 de marzo se celebra el D\u00eda Mundial de la Tuberculosis. Este evento anual conmemora la fecha de 1882 en que el Dr. Robert Koch anunci\u00f3 su descubrimiento del Mycobacterium tuberculosis, el bacilo que causa la tuberculosis (TB). El D\u00eda Mundial de la Tuberculosis es un d\u00eda para educar al p\u00fablico sobre el impacto de la TB en todo el mundo. Siga leyendo para saber m\u00e1s sobre el significado del D\u00eda de la Tuberculosis.<\/p>\n<p><!--more--><\/p>\n<h3>BREVE HISTORIA DE LA TUBERCULOSIS<\/h3>\n<p>La tuberculosis (TB), una grave infecci\u00f3n de los pulmones, est\u00e1 causada por una bacteria que se propaga a trav\u00e9s de peque\u00f1as gotas liberadas en el aire al toser o estornudar. Aunque el t\u00e9rmino tuberculosis fue acu\u00f1ado por Johann Schonlein en 1834, se cree que la infecci\u00f3n existe desde hace 3 millones de a\u00f1os. La tuberculosis se llamaba \u00abphthisis\u00bb en la antigua Grecia, \u00abtabes\u00bb en la antigua Roma y \u00abschachepheth\u00bb en el antiguo hebreo.<\/p>\n<p>En el siglo XVIII, la tuberculosis se llamaba \u00abla peste blanca\u00bb por el aspecto p\u00e1lido de los pacientes. Fue el 24 de marzo de 1882 cuando el Dr. Robert Koch descubri\u00f3 la bacteria causante de la tuberculosis. Un siglo m\u00e1s tarde, el D\u00eda Mundial de la Tuberculosis comenz\u00f3 a celebrarse el mismo d\u00eda.<\/p>\n<h3>\u00bfQU\u00c9 ES LA TUBERCULOSIS?<\/h3>\n<p>La tuberculosis es una enfermedad infecciosa potencialmente grave que afecta principalmente a los pulmones. Las bacterias que causan la tuberculosis se propagan de persona a persona a trav\u00e9s de peque\u00f1as gotas liberadas en el aire a trav\u00e9s de la tos y los estornudos. Las infecciones de tuberculosis, que antes eran raras en los pa\u00edses desarrollados, empezaron a aumentar en 1985, en parte debido a la aparici\u00f3n del VIH, el virus que causa el SIDA. El VIH debilita el sistema inmunitario de una persona, por lo que no puede combatir los g\u00e9rmenes de la tuberculosis. En Estados Unidos, gracias a los programas de control m\u00e1s estrictos, la tuberculosis empez\u00f3 a disminuir de nuevo en 1993. Pero sigue siendo preocupante.<\/p>\n<p>Muchas cepas de tuberculosis son resistentes a los f\u00e1rmacos m\u00e1s utilizados para tratar la enfermedad. Las personas con tuberculosis activa deben tomar muchos tipos de medicamentos durante meses para eliminar la infecci\u00f3n y evitar la resistencia a los antibi\u00f3ticos.<\/p>\n<h3>\u00bfQU\u00c9 OCURRE SI SE CONTRAE LA TUBERCULOSIS?<\/h3>\n<p>Aunque tu cuerpo puede albergar las bacterias que causan la tuberculosis, tu sistema inmunitario suele evitar que enfermes. Por este motivo, los m\u00e9dicos distinguen entre:<\/p>\n<ul>\n<li>Tuberculosis latente. Usted tiene una infecci\u00f3n de tuberculosis, pero las bacterias en su cuerpo est\u00e1n inactivas y no causan s\u00edntomas. La TB latente, tambi\u00e9n llamada TB inactiva o infecci\u00f3n de TB, no es contagiosa. La TB latente puede convertirse en TB activa, por lo que el tratamiento es importante.<\/li>\n<li>TB activa. Tambi\u00e9n llamada enfermedad de la TB, esta afecci\u00f3n te hace enfermar y, en la mayor\u00eda de los casos, puede contagiar a otras personas. Puede producirse semanas o a\u00f1os despu\u00e9s de la infecci\u00f3n por la bacteria de la tuberculosis.<\/li>\n<\/ul>\n<p>Los signos y s\u00edntomas de la tuberculosis activa son los siguientes<\/p>\n<ul>\n<li>Tos durante tres o m\u00e1s semanas<\/li>\n<li>Tos con sangre o mucosidad<\/li>\n<li>Dolor en el pecho, o dolor al respirar o toser<\/li>\n<li>P\u00e9rdida de peso involuntaria<\/li>\n<li>Fatiga<\/li>\n<li>Fiebre<\/li>\n<li>Sudores nocturnos<\/li>\n<li>Escalofr\u00edos<\/li>\n<li>P\u00e9rdida de apetito<\/li>\n<\/ul>\n<p>La tuberculosis tambi\u00e9n puede afectar a otras partes del cuerpo, como los ri\u00f1ones, la columna vertebral o el cerebro. Cuando la tuberculosis se produce fuera de los pulmones, los signos y s\u00edntomas var\u00edan en funci\u00f3n de los \u00f3rganos afectados.<\/p>\n<h3>\u00bfSE PUEDE CURAR LA TUBERCULOSIS?<\/h3>\n<p>Con tratamiento, la tuberculosis casi siempre puede curarse. Por lo general, hay que tomar un curso de antibi\u00f3ticos durante 6 meses. Se utilizan varios antibi\u00f3ticos diferentes porque algunas formas de tuberculosis son resistentes a ciertos antibi\u00f3ticos. Si est\u00e1 infectado por una forma de tuberculosis resistente a los medicamentos, puede ser necesario un tratamiento con 6 o m\u00e1s medicamentos diferentes.<\/p>\n<p>La vacuna BCG ofrece protecci\u00f3n contra la tuberculosis y se recomienda en el NHS para beb\u00e9s, ni\u00f1os y adultos menores de 35 a\u00f1os que se consideran en riesgo de contraer la tuberculosis.<\/p>\n<h3>LA IMPORTANCIA DEL D\u00cdA MUNDIAL DE LA TUBERCULOSIS<\/h3>\n<p>La tuberculosis parece ser una enfermedad antigua que afecta a unos 2.000 millones de personas en todo el mundo. De hecho, seg\u00fan la OMS, 10,4 millones de individuos contrajeron tuberculosis y 1,7 millones de personas murieron por esta enfermedad infecciosa en 2016. Sin embargo, debido a algunos conceptos err\u00f3neos, no se considera una crisis grave. Pero aumentar la comprensi\u00f3n de la enfermedad puede ayudar a quienes est\u00e1n en alto peligro y buscan tratamiento. Si las personas que est\u00e1n en riesgo se vacunan adecuadamente, la enfermedad podr\u00eda curarse y la tuberculosis podr\u00eda eliminarse.<\/p>\n<h3>\u00bfCU\u00c1L ES EL TEMA DEL D\u00cdA MUNDIAL DE LA TUBERCULOSIS 2022?<\/h3>\n<p>El tema del D\u00eda Mundial de la Tuberculosis 2022 &#8211; \u00abInvertir para acabar con la tuberculosis. Salvar vidas\u00bb transmite la necesidad urgente de invertir recursos para intensificar la lucha contra la tuberculosis y lograr los compromisos para acabar con la tuberculosis asumidos por los l\u00edderes mundiales. Esto es especialmente cr\u00edtico en el contexto de la pandemia de COVID-19 que ha puesto en riesgo el progreso de Fin de la TB, y para garantizar el acceso equitativo a la prevenci\u00f3n y la atenci\u00f3n en l\u00ednea con el impulso de la OMS para lograr la Cobertura Sanitaria Universal\u00bb, seg\u00fan la OMS (Organizaci\u00f3n Mundial de la Salud).<\/p>\n<h3>PENSAMIENTO FINAL<\/h3>\n<p>Cada a\u00f1o, el 24 de marzo, se conmemora el D\u00eda Mundial de la Tuberculosis para promover la concienciaci\u00f3n p\u00fablica sobre las graves consecuencias sanitarias, sociales y econ\u00f3micas de la tuberculosis. Aproximadamente un tercio de la poblaci\u00f3n mundial tiene tuberculosis latente, es decir, personas que han sido infectadas con la bacteria de la tuberculosis pero que a\u00fan no han desarrollado s\u00edntomas. Por ello, en nombre de Soma Tech Intl, nos gustar\u00eda ayudar a concienciar sobre la tuberculosis. \u00bfTe ha parecido interesante este art\u00edculo? \u00bfQu\u00e9 opinas del D\u00eda Mundial de la Tuberculosis? \u00bfC\u00f3mo ayudas a la concienciaci\u00f3n? D\u00e9janos un comentario a continuaci\u00f3n.<\/p>\n","protected":false},"excerpt":{"rendered":"<p>Breve Historia De La Tuberculosis \u00bfQu\u00e9 Es La Tuberculosis? \u00bfQu\u00e9 Ocurre Si Se Contrae La Tuberculosis? \u00bfSe Puede Curar La Tuberculosis? El Significado Del&#8230;<\/p>\n","protected":false},"author":4,"featured_media":24204,"comment_status":"open","ping_status":"open","sticky":false,"template":"","format":"standard","meta":{"_acf_changed":false,"_relevanssi_hide_post":"","_relevanssi_hide_content":"","_relevanssi_pin_for_all":"","_relevanssi_pin_keywords":"","_relevanssi_unpin_keywords":"","_relevanssi_related_keywords":"","_relevanssi_related_include_ids":"","_relevanssi_related_exclude_ids":"","_relevanssi_related_no_append":"","_relevanssi_related_not_related":"","_relevanssi_related_posts":"","_relevanssi_noindex_reason":"","inline_featured_image":false,"footnotes":""},"categories":[1],"tags":[7641,7636,6798,6777,6531,6391,7633,7648,7651,7649,7646,7631,7630,7650,7644,7634,6369,6258,3774,7639,6786,7637,6660,6395,7635,7533,7530,7654,7653,6281,7638,3770,7645,7208,6844,7132,7652,7640,7632,7643,7642,6366,7647,7539],"class_list":["post-24192","post","type-post","status-publish","format-standard","has-post-thumbnail","hentry","category-uncategorized","tag-antibioticos","tag-bacilo","tag-bacteria","tag-blog","tag-blog-medico","tag-cdc","tag-conciencia-sanitaria","tag-concienciacion","tag-concienciacion-publica","tag-crisis","tag-cura","tag-dia-mundial-de-la-tb","tag-dia-mundial-de-la-tuberculosis","tag-dia-mundial-de-la-tuberculosis-2022","tag-dolor-de-pecho","tag-dr-robert-koch","tag-enfermedad","tag-enfermedad-pulmonar","tag-esquizofrenia","tag-estornudo","tag-infeccion","tag-infeccion-pulmonar","tag-jueves","tag-medicina","tag-mycobacterium-tuberculosis","tag-oms","tag-pandemia","tag-pensamiento-del-jueves","tag-peste-blanca","tag-pulmonar","tag-pulmones","tag-salud","tag-sintomas","tag-soma","tag-soma-tech-intl","tag-soma-technology-inc","tag-tisis","tag-tos","tag-tuberculosis","tag-tuberculosis-activa","tag-tuberculosis-latente","tag-vacuna","tag-vacuna-bcg","tag-vacunas"],"acf":[],"_links":{"self":[{"href":"https:\/\/www.somatechnology.com\/spanish\/wp-json\/wp\/v2\/posts\/24192","targetHints":{"allow":["GET"]}}],"collection":[{"href":"https:\/\/www.somatechnology.com\/spanish\/wp-json\/wp\/v2\/posts"}],"about":[{"href":"https:\/\/www.somatechnology.com\/spanish\/wp-json\/wp\/v2\/types\/post"}],"author":[{"embeddable":true,"href":"https:\/\/www.somatechnology.com\/spanish\/wp-json\/wp\/v2\/users\/4"}],"replies":[{"embeddable":true,"href":"https:\/\/www.somatechnology.com\/spanish\/wp-json\/wp\/v2\/comments?post=24192"}],"version-history":[{"count":0,"href":"https:\/\/www.somatechnology.com\/spanish\/wp-json\/wp\/v2\/posts\/24192\/revisions"}],"wp:featuredmedia":[{"embeddable":true,"href":"https:\/\/www.somatechnology.com\/spanish\/wp-json\/wp\/v2\/media\/24204"}],"wp:attachment":[{"href":"https:\/\/www.somatechnology.com\/spanish\/wp-json\/wp\/v2\/media?parent=24192"}],"wp:term":[{"taxonomy":"category","embeddable":true,"href":"https:\/\/www.somatechnology.com\/spanish\/wp-json\/wp\/v2\/categories?post=24192"},{"taxonomy":"post_tag","embeddable":true,"href":"https:\/\/www.somatechnology.com\/spanish\/wp-json\/wp\/v2\/tags?post=24192"}],"curies":[{"name":"wp","href":"https:\/\/api.w.org\/{rel}","templated":true}]}}