{"id":27498,"date":"2023-02-03T21:10:32","date_gmt":"2023-02-03T21:10:32","guid":{"rendered":"https:\/\/www.somatechnology.com\/spanish\/?p=27498"},"modified":"2024-02-14T12:38:43","modified_gmt":"2024-02-14T17:38:43","slug":"dia-mundial-contra-el-cancer-la-inequidad-en-la-atencion-del-cancer","status":"publish","type":"post","link":"https:\/\/www.somatechnology.com\/spanish\/2023\/02\/03\/dia-mundial-contra-el-cancer-la-inequidad-en-la-atencion-del-cancer\/","title":{"rendered":"D\u00eda Mundial Contra el C\u00e1ncer: La Inequidad en la Atenci\u00f3n del C\u00e1ncer"},"content":{"rendered":"<p><img decoding=\"async\" class=\"alignnone wp-image-27501 size-medium\" title=\"D\u00eda Mundial Contra el C\u00e1ncer: La Inequidad en la Atenci\u00f3n del C\u00e1ncer\" src=\"https:\/\/www.somatechnology.com\/wp-content\/uploads\/sites\/2\/2023\/02\/world-cancer-day-2023-blog-spanish-300x300.jpg\" alt=\"D\u00eda Mundial Contra el C\u00e1ncer: La Inequidad en la Atenci\u00f3n del C\u00e1ncer\" width=\"300\" height=\"300\" srcset=\"https:\/\/www.somatechnology.com\/spanish\/wp-content\/uploads\/sites\/2\/2023\/02\/world-cancer-day-2023-blog-spanish-300x300.jpg 300w, https:\/\/www.somatechnology.com\/spanish\/wp-content\/uploads\/sites\/2\/2023\/02\/world-cancer-day-2023-blog-spanish-150x150.jpg 150w, https:\/\/www.somatechnology.com\/spanish\/wp-content\/uploads\/sites\/2\/2023\/02\/world-cancer-day-2023-blog-spanish-100x100.jpg 100w, https:\/\/www.somatechnology.com\/spanish\/wp-content\/uploads\/sites\/2\/2023\/02\/world-cancer-day-2023-blog-spanish-45x45.jpg 45w, https:\/\/www.somatechnology.com\/spanish\/wp-content\/uploads\/sites\/2\/2023\/02\/world-cancer-day-2023-blog-spanish.jpg 500w\" sizes=\"(max-width: 300px) 100vw, 300px\" \/><\/p>\n<ol>\n<li>D\u00eda Mundial Contra el C\u00e1ncer<\/li>\n<li>\u00bfPor Qu\u00e9 el C\u00e1ncer?<\/li>\n<li>Datos B\u00e1sicos Sobre el C\u00e1ncer<\/li>\n<li>Equidad<\/li>\n<li>Barreras de Brecha de Equidad<\/li>\n<li>Desigualdad en las Estad\u00edsticas de C\u00e1ncer<\/li>\n<li>Cerrando la Brecha<\/li>\n<\/ol>\n<h3>D\u00eda Mundial Contra el C\u00e1ncer<\/h3>\n<p>El D\u00eda Mundial Contra el C\u00e1ncer se celebra todos los a\u00f1os el 4 de febrero. Este d\u00eda se trata de unirnos y crear conciencia sobre todos los tipos de c\u00e1ncer. El c\u00e1ncer es una de las enfermedades m\u00e1s mortales y la causa de millones de muertes en todo el mundo cada a\u00f1o. Esta iniciativa global est\u00e1 dirigida por la Uni\u00f3n para el Control Internacional del C\u00e1ncer (UICC) con la esperanza de generar una mayor conciencia sobre este problema. El c\u00e1ncer ha afectado a todas nuestras vidas, ya sea directa o indirectamente, y finalmente es hora de detenerlo. Este a\u00f1o, la UICC se centra en \u00abCerrar la Brecha\u00bb para el tratamiento del c\u00e1ncer. Necesitamos que todos act\u00faen y hablen con los gobiernos, los pol\u00edticos y las comunidades para comenzar a encontrar equidad en la atenci\u00f3n del c\u00e1ncer para todos.<\/p>\n<h3>\u00bfPor Qu\u00e9 el C\u00e1ncer?<\/h3>\n<p>El c\u00e1ncer es una de las enfermedades m\u00e1s mortales y todav\u00eda tenemos que encontrar una cura. \u00bfSab\u00edas que 10 millones de personas mueren de c\u00e1ncer cada a\u00f1o? Eso es m\u00e1s que las muertes por VIH\/SIDA, malaria y tuberculosis combinadas. Sin embargo, muchas de estas muertes podr\u00edan prevenirse. En realidad, un tercio de todos los c\u00e1nceres se pueden prevenir en primer lugar y otro tercio se puede curar si se detecta a tiempo y se trata. Sin embargo, debido a las disparidades que existen en la atenci\u00f3n del c\u00e1ncer, muchas m\u00e1s personas mueren porque no reciben la ayuda m\u00e9dica que necesitan para superar esto.<\/p>\n<h3>Datos B\u00e1sicos Sobre el C\u00e1ncer<\/h3>\n<p>Hay 3 tipos b\u00e1sicos de tumores cancerosos: benignos, malignos y precancerosos (tambi\u00e9n llamados premalignos). Los tumores benignos no son cancerosos y no ponen en peligro la vida. Los tumores malignos crecen r\u00e1pidamente y pueden diseminarse y destruir el tejido. Una vez que comienza a propagarse, puede continuar dividi\u00e9ndose y creciendo, lo que puede transformarse en c\u00e1ncer metast\u00e1sico. Los tumores precancerosos son la descripci\u00f3n de c\u00e9lulas anormales que tambi\u00e9n pueden convertirse en c\u00e1ncer.<\/p>\n<p>El c\u00e1ncer se puede dividir en 5 categor\u00edas diferentes. El primero es el <a href=\"https:\/\/www.somatechnology.com\/spanish\/2022\/05\/02\/lunes-de-melanoma\/\">carcinoma<\/a>, que comienza con las c\u00e9lulas que forman el revestimiento de los \u00f3rganos. El tipo m\u00e1s com\u00fan de c\u00e1ncer como este es el c\u00e1ncer de mama, pr\u00f3stata, pulm\u00f3n y colon. El segundo tipo es el <a href=\"https:\/\/www.somatechnology.com\/spanish\/2022\/07\/26\/sarcoma-cuales-son-los-sintomas-y-el-tratamiento\/\">sarcoma<\/a>, que comienza en el hueso o tejido blando. Los c\u00e1nceres m\u00e1s comunes de este tipo son el leiomiosarcoma, el liposarcoma y el osteosarcoma. Luego tenemos el linfoma y el mieloma, que comienza con las c\u00e9lulas del sistema inmunitario. Dado que afecta el sistema linf\u00e1tico, puede ocurrir en cualquier parte del cuerpo. Luego tenemos la leucemia, el <a href=\"https:\/\/www.somatechnology.com\/spanish\/2022\/09\/08\/cancer-de-sangre\/\">c\u00e1ncer de los gl\u00f3bulos blancos<\/a> y de la m\u00e9dula \u00f3sea. Los c\u00e1nceres m\u00e1s comunes para esto son la leucemia linfoc\u00edtica y la leucemia linfoc\u00edtica cr\u00f3nica. Por \u00faltimo, tenemos los c\u00e1nceres de cerebro y de m\u00e9dula espinal, que afectan su sistema nervioso. Algunos pueden ser benignos, pero otros crecen y se diseminan por el cuerpo.<\/p>\n<h3>Equidad<\/h3>\n<p>Dado que el tema del D\u00eda Mundial contra el C\u00e1ncer de este a\u00f1o es \u201cCerrar la Brecha\u201d, debemos abordar el tema de la equidad. M\u00e1s del 65% de las muertes por c\u00e1ncer ocurren en las partes menos desarrolladas del mundo. Incluso en los pa\u00edses desarrollados, existen desigualdades en varios grupos. Esto incluye familias de bajos ingresos, pueblos ind\u00edgenas, inmigrantes, refugiados y comunidades rurales. Nuestra lucha este a\u00f1o es brindar acceso equitativo a la prevenci\u00f3n, el diagn\u00f3stico, el tratamiento y la atenci\u00f3n del c\u00e1ncer para salvar las vidas de millones de personas en todo el mundo.<\/p>\n<h3>Barreras de Brecha de Equidad<\/h3>\n<p>Existen 8 barreras principales entre las personas y la prevenci\u00f3n del c\u00e1ncer.<\/p>\n<p><strong>1. Normas de g\u00e9nero y discriminaci\u00f3n.<\/strong><br \/>\nLas mujeres y las ni\u00f1as de todo el mundo sufren discriminaci\u00f3n por misoginia, estereotipos y <a href=\"https:\/\/www.somatechnology.com\/spanish\/2022\/08\/26\/reconocer-la-desigualdad-de-las-mujeres-en-la-atencion-medica\/\">roles de g\u00e9nero<\/a>. Tambi\u00e9n existe el estigma y el ostracismo en torno a los c\u00e1nceres de <a href=\"https:\/\/www.somatechnology.com\/spanish\/2023\/01\/30\/mes-de-concienciacion-sobre-el-cancer-de-cuello-de-utero-2023\/\">cuello uterino<\/a> y <a href=\"https:\/\/www.somatechnology.com\/spanish\/2022\/10\/14\/conociendo-los-hechos-del-cancer-de-mama\/\">de mama<\/a>, por lo que muchos no se someten a pruebas de detecci\u00f3n. Los hombres tambi\u00e9n sufren esto debido a los tab\u00faes sociales y culturales. Est\u00e1n menos dispuestos a hablar abiertamente sobre problemas de salud.<\/p>\n<p><strong>2. Barreras para las poblaciones minoritarias.<\/strong><br \/>\nEl racismo tiene un efecto profundo en el acceso a la atenci\u00f3n del c\u00e1ncer y las poblaciones minoritarias tienen el menor acceso. Los ind\u00edgenas representan el 6% de la poblaci\u00f3n, pero tambi\u00e9n representan el 15% de la pobreza extrema en estos pa\u00edses.<\/p>\n<p><strong>3. Pobreza y estatus socioecon\u00f3mico.<\/strong><br \/>\nUn nivel socioecon\u00f3mico m\u00e1s bajo significa menos acceso. Si le diagnostican c\u00e1ncer avanzado y es un paciente de bajos ingresos, solo tiene educaci\u00f3n primaria o no tiene seguro m\u00e9dico, es m\u00e1s probable que experimente una cat\u00e1strofe financiero o muera dentro del a\u00f1o posterior al diagn\u00f3stico de c\u00e1ncer.<\/p>\n<p><strong>4. La brecha rural-urbana.<\/strong><br \/>\nLas personas que viven en \u00e1reas rurales sufren la falta de servicios de prevenci\u00f3n, detecci\u00f3n y tratamiento. La carga financiera de los viajes largos, la necesidad de asegurar el cuidado de los ni\u00f1os y el tiempo libre del trabajo pueden ser abrumadores. Como resultado, el lugar donde vive determina con demasiada frecuencia si vive.<\/p>\n<p><strong>5. Edadismo.<\/strong><br \/>\nEl c\u00e1ncer puede desarrollarse a cualquier edad, pero el riesgo de que eso suceda aumenta dram\u00e1ticamente en personas de 65 a\u00f1os o m\u00e1s. Debido a que los primeros s\u00edntomas del c\u00e1ncer pueden confundirse con dolores cotidianos o enfermedades menores asociadas con la vejez, muchos c\u00e1nceres en pacientes mayores se diagnostican m\u00e1s tarde.<\/p>\n<p><strong>6. Condici\u00f3n de refugiado y desplazamiento forzado.<\/strong><br \/>\nEn los pa\u00edses que enfrentan inestabilidad pol\u00edtica, financiera y social (debido a una guerra, la agitaci\u00f3n social o un desastre natural), las organizaciones contra el c\u00e1ncer deben lidiar con la escasez de recursos o incluso un colapso total de los servicios b\u00e1sicos de salud.<\/p>\n<p><strong>7. Homofobia, transfobia y discriminaci\u00f3n relacionada contra LGBTQ+.<\/strong><br \/>\nEn todo el mundo, las personas lesbianas, gays, bisexuales, transg\u00e9nero, queer e intersexuales (<a href=\"https:\/\/www.somatechnology.com\/spanish\/2022\/06\/08\/mes-del-orgullo\/\">LGBTQ+<\/a>) enfrentan hostilidad y discriminaci\u00f3n, especialmente en los sistemas de salud. Adem\u00e1s, el temor a un tratamiento deficiente por parte del establecimiento m\u00e9dico aleja a muchas personas de la atenci\u00f3n medica.<\/p>\n<p><strong>8. Barreras para personas con discapacidades.<\/strong><br \/>\nHay m\u00e1s de mil millones de personas con discapacidades en todo el mundo, muchas de las cuales se enfrentan a una discriminaci\u00f3n sist\u00e9mica en la atenci\u00f3n de la salud. Las personas con discapacidad tienen tres veces m\u00e1s probabilidades de que se les niegue la atenci\u00f3n m\u00e9dica, cuatro veces m\u00e1s probabilidades de que el sistema de salud los trate mal y un 50 % m\u00e1s de probabilidades de sufrir dificultades financieras extremas.<\/p>\n<h3>Desigualdad en las Estad\u00edsticas de C\u00e1ncer<\/h3>\n<ul>\n<li>En los Estados Unidos, la supervivencia para las mujeres blancas es del 71%, pero para las mujeres negras es solo del 58%.<\/li>\n<li>Los sobrevivientes de c\u00e1ncer infantil son el 80% en los pa\u00edses de ingresos altos, pero se reducen a solo el 20% en los pa\u00edses de ingresos bajos.<\/li>\n<li>M\u00e1s del 90% de las muertes por c\u00e1ncer de cuello uterino ocurren en pa\u00edses de ingresos bajos y medianos.<\/li>\n<li>En las poblaciones de refugiados, el c\u00e1ncer se detecta en etapas avanzadas, lo que conduce a los peores resultados posibles.<\/li>\n<li>Debido a la discriminaci\u00f3n en el cuidado de la salud, las personas transg\u00e9nero tienen las tasas de detecci\u00f3n de c\u00e1ncer m\u00e1s bajas que el resto de la poblaci\u00f3n.<\/li>\n<li>En Nueva Zelanda, los ind\u00edgenas (M\u0101ori) tienen el doble de probabilidades de morir de c\u00e1ncer que los no ind\u00edgenas.<\/li>\n<\/ul>\n<h3>Cerrando la Brecha<\/h3>\n<p>El objetivo en el que nos estamos enfocando ahora es la equidad en salud para todos ahora. La brecha en la atenci\u00f3n del c\u00e1ncer se puede reducir de muchas maneras y usted tambi\u00e9n puede ayudar. Aqu\u00ed hay algunas maneras en que todos podemos hacer nuestra parte para cerrar la brecha:<\/p>\n<ul>\n<li>Educar al p\u00fablico sobre la prevenci\u00f3n del c\u00e1ncer.<\/li>\n<li>Equipar a los profesionales de la salud con habilidades y conocimientos, incluida la forma en que la inequidad influye en la atenci\u00f3n del c\u00e1ncer.<\/li>\n<li>Fortalecimiento de la atenci\u00f3n primaria de la salud en las comunidades, especialmente en las comunidades rurales.<\/li>\n<li>Aumentar los recursos. Necesitamos m\u00e1s dinero y personas que se dediquen a la investigaci\u00f3n del c\u00e1ncer y que puedan dar forma a las inversiones donde m\u00e1s se necesitan.<\/li>\n<li>Implementar planes de prevenci\u00f3n y control del c\u00e1ncer espec\u00edficos de cada pa\u00eds que aborden las necesidades y los recursos \u00fanicos de cada pa\u00eds.<\/li>\n<li>Abordar las pol\u00edticas y programas negativos que afectan los factores sociales y econ\u00f3micos de los pacientes de atenci\u00f3n m\u00e9dica.<\/li>\n<\/ul>\n","protected":false},"excerpt":{"rendered":"<p>D\u00eda Mundial Contra el C\u00e1ncer \u00bfPor Qu\u00e9 el C\u00e1ncer? Datos B\u00e1sicos Sobre el C\u00e1ncer Equidad Barreras de Brecha de Equidad Desigualdad en las Estad\u00edsticas&#8230;<\/p>\n","protected":false},"author":4,"featured_media":27501,"comment_status":"open","ping_status":"open","sticky":false,"template":"","format":"standard","meta":{"_acf_changed":false,"_relevanssi_hide_post":"","_relevanssi_hide_content":"","_relevanssi_pin_for_all":"","_relevanssi_pin_keywords":"","_relevanssi_unpin_keywords":"","_relevanssi_related_keywords":"","_relevanssi_related_include_ids":"","_relevanssi_related_exclude_ids":"","_relevanssi_related_no_append":"","_relevanssi_related_not_related":"","_relevanssi_related_posts":"","_relevanssi_noindex_reason":"","inline_featured_image":false,"footnotes":""},"categories":[7909,7764,7338,3428],"tags":[9094,6227,9072,9073,9083,9074,8282,9106,9104,9100,9071,9103,6369,7963,9102,9093,9076,8620,9108,9101,9097,8364,9105,9077,9084,6408,9088,9085,9078,9107,9089,9090,9091,9079,9099,9086,9095,9092,9087,9098,8777,9080,9082,9081,9096,9075],"class_list":["post-27498","post","type-post","status-publish","format-standard","has-post-thumbnail","hentry","category-conciencia","category-conocimiento","category-hechos-divertidos-de-viernes","category-noticias","tag-agaeisn","tag-cancer","tag-cancer-day","tag-cancer-sucks","tag-cerrando-brecha","tag-child-cancer","tag-conciencia","tag-derechos","tag-desigualdades","tag-desplazamiento-forzado","tag-dia-mundial-contra-el-cancer","tag-discapacidades","tag-enfermedad","tag-equidad","tag-escasez","tag-estatus-socioeconomico","tag-febrero","tag-genero","tag-global","tag-guerra","tag-homofobia","tag-igualdad","tag-inequidad","tag-iniciativas","tag-lgbtq","tag-medicos","tag-minorias","tag-misoginia","tag-mortal","tag-movimientos","tag-personas-de-color","tag-personas-negras","tag-pobreza","tag-prevenible","tag-refugiado","tag-roles-de-genero","tag-rural","tag-socioeconomico","tag-tabu","tag-transfobia","tag-tumores","tag-tumores-benignos","tag-tumores-malignos","tag-tumores-precancerosos","tag-urbano","tag-world-cancer"],"acf":[],"_links":{"self":[{"href":"https:\/\/www.somatechnology.com\/spanish\/wp-json\/wp\/v2\/posts\/27498","targetHints":{"allow":["GET"]}}],"collection":[{"href":"https:\/\/www.somatechnology.com\/spanish\/wp-json\/wp\/v2\/posts"}],"about":[{"href":"https:\/\/www.somatechnology.com\/spanish\/wp-json\/wp\/v2\/types\/post"}],"author":[{"embeddable":true,"href":"https:\/\/www.somatechnology.com\/spanish\/wp-json\/wp\/v2\/users\/4"}],"replies":[{"embeddable":true,"href":"https:\/\/www.somatechnology.com\/spanish\/wp-json\/wp\/v2\/comments?post=27498"}],"version-history":[{"count":0,"href":"https:\/\/www.somatechnology.com\/spanish\/wp-json\/wp\/v2\/posts\/27498\/revisions"}],"wp:featuredmedia":[{"embeddable":true,"href":"https:\/\/www.somatechnology.com\/spanish\/wp-json\/wp\/v2\/media\/27501"}],"wp:attachment":[{"href":"https:\/\/www.somatechnology.com\/spanish\/wp-json\/wp\/v2\/media?parent=27498"}],"wp:term":[{"taxonomy":"category","embeddable":true,"href":"https:\/\/www.somatechnology.com\/spanish\/wp-json\/wp\/v2\/categories?post=27498"},{"taxonomy":"post_tag","embeddable":true,"href":"https:\/\/www.somatechnology.com\/spanish\/wp-json\/wp\/v2\/tags?post=27498"}],"curies":[{"name":"wp","href":"https:\/\/api.w.org\/{rel}","templated":true}]}}